{"id":202,"date":"2014-09-20T14:01:17","date_gmt":"2014-09-20T12:01:17","guid":{"rendered":"http:\/\/www.naturheilpraxis-deining.de\/wordpress\/?p=202"},"modified":"2017-11-17T12:39:30","modified_gmt":"2017-11-17T10:39:30","slug":"grippale-infekte","status":"publish","type":"post","link":"https:\/\/www.naturheilpraxis-deining.de\/wordpress\/?p=202","title":{"rendered":"Grippale Infekte"},"content":{"rendered":"<p><a href=\"http:\/\/www.naturheilpraxis-deining.de\/wordpress\/wp-content\/uploads\/grippe.png\"><img loading=\"lazy\" class=\"alignnone size-full wp-image-220\" src=\"http:\/\/www.naturheilpraxis-deining.de\/wordpress\/wp-content\/uploads\/grippe.png\" alt=\"grippe\" width=\"800\" height=\"319\" srcset=\"https:\/\/www.naturheilpraxis-deining.de\/wordpress\/wp-content\/uploads\/grippe.png 800w, https:\/\/www.naturheilpraxis-deining.de\/wordpress\/wp-content\/uploads\/grippe-300x119.png 300w\" sizes=\"(max-width: 800px) 100vw, 800px\" \/><\/a><\/p>\n<p>Simon B. 21 Jahre alt kommt hustend und niesend in die Sprechstunde, zudem klagt er \u00fcber Halsschmerzen und Schluckbeschwerden. Nach einer genauen Inspektion des Halses (ger\u00f6tet und geschwollene Mandeln) h\u00f6re ich Lunge und Bronchien ab (die frei sind). Blutdruck und Puls haben normale Werte.<!--more--><\/p>\n<p>Mit Neuraltherapie (Mandelquaddeln) einem Lymphmittel in der Praxis gebe ich meinem Patienten folgendes mit auf dem Weg.<br \/>\nGrippale Infekte haben mittlerweile das ganze Jahr Saison. Deshalb ist es wichtig, den K\u00f6rper und die Psyche zu st\u00e4rken. Gut geeignet sind dazu Vitamin C in getrocknete Goijibeeren, B1, B2, B6, B12 in Getreide, Fisch, Fleisch sowie gr\u00fcnem Gem\u00fcse und Vitamin D produziert der K\u00f6rper selber mit Hilfe von Tageslicht. 15-20Min. t\u00e4glich sind ausreichend.<\/p>\n<p>Mit Sch\u00fcssler Salze k\u00f6nnen Sie sich die Umstellung in die kalte Jahreszeit erleichtern.<br \/>\n<strong>Nr. 3. Ferrum Phosphoricum D12<\/strong><br \/>\no St\u00e4rkt die Abwehrkr\u00e4fte<br \/>\no F\u00f6rdert die Anpassung an die kalte Jahreszeit<br \/>\no Wirkt aufheiternd und f\u00f6rdert die Lebensfreude<br \/>\no St\u00e4rkt f\u00fcr neue Aufgaben in Beruf und Alltag<br \/>\no Sch\u00fctzt vor Erk\u00e4ltungen<br \/>\no Verhindert Frieren Vitalisiert<\/p>\n<p><strong>Nr. 5. Kalium Phosphoricum D6<\/strong><br \/>\no St\u00e4rkt die Abwehrkr\u00e4fte<br \/>\no Sch\u00fctzt vor Erk\u00e4ltungen<br \/>\no F\u00f6rdert die Arbeitsfreude und Lerneifer<br \/>\no Hilft gegen Stress<br \/>\no Verhindert depressive Verstimmungen<br \/>\no St\u00e4rkt das Nervensystem<br \/>\no St\u00e4rkt die Widerstandskraft der Haut<br \/>\no Lindert Wetterf\u00fchligkeit<\/p>\n<p><strong>Nr. 6. Kalium Sulfuricum D6<\/strong><br \/>\no St\u00e4rkt Haut und Schleimh\u00e4ute<br \/>\no St\u00e4rkt die Abwehrkr\u00e4fte<br \/>\no F\u00f6rdert die Belastbarkeit<br \/>\no Macht Lust auf k\u00f6rperliche Bewegung<br \/>\no Verhindert Missmut<\/p>\n","protected":false},"excerpt":{"rendered":"<p>Simon B. 21 Jahre alt kommt hustend und niesend in die Sprechstunde, zudem klagt er \u00fcber Halsschmerzen und Schluckbeschwerden. Nach einer genauen Inspektion des Halses (ger\u00f6tet und geschwollene Mandeln) h\u00f6re ich Lunge und Bronchien ab (die frei sind). Blutdruck und Puls haben normale Werte.<\/p>\n","protected":false},"author":1,"featured_media":0,"comment_status":"closed","ping_status":"closed","sticky":false,"template":"","format":"standard","meta":[],"categories":[7,3],"tags":[81,28,31,30,4,56,80,79],"jetpack_featured_media_url":"","_links":{"self":[{"href":"https:\/\/www.naturheilpraxis-deining.de\/wordpress\/index.php?rest_route=\/wp\/v2\/posts\/202"}],"collection":[{"href":"https:\/\/www.naturheilpraxis-deining.de\/wordpress\/index.php?rest_route=\/wp\/v2\/posts"}],"about":[{"href":"https:\/\/www.naturheilpraxis-deining.de\/wordpress\/index.php?rest_route=\/wp\/v2\/types\/post"}],"author":[{"embeddable":true,"href":"https:\/\/www.naturheilpraxis-deining.de\/wordpress\/index.php?rest_route=\/wp\/v2\/users\/1"}],"replies":[{"embeddable":true,"href":"https:\/\/www.naturheilpraxis-deining.de\/wordpress\/index.php?rest_route=%2Fwp%2Fv2%2Fcomments&post=202"}],"version-history":[{"count":5,"href":"https:\/\/www.naturheilpraxis-deining.de\/wordpress\/index.php?rest_route=\/wp\/v2\/posts\/202\/revisions"}],"predecessor-version":[{"id":225,"href":"https:\/\/www.naturheilpraxis-deining.de\/wordpress\/index.php?rest_route=\/wp\/v2\/posts\/202\/revisions\/225"}],"wp:attachment":[{"href":"https:\/\/www.naturheilpraxis-deining.de\/wordpress\/index.php?rest_route=%2Fwp%2Fv2%2Fmedia&parent=202"}],"wp:term":[{"taxonomy":"category","embeddable":true,"href":"https:\/\/www.naturheilpraxis-deining.de\/wordpress\/index.php?rest_route=%2Fwp%2Fv2%2Fcategories&post=202"},{"taxonomy":"post_tag","embeddable":true,"href":"https:\/\/www.naturheilpraxis-deining.de\/wordpress\/index.php?rest_route=%2Fwp%2Fv2%2Ftags&post=202"}],"curies":[{"name":"wp","href":"https:\/\/api.w.org\/{rel}","templated":true}]}}