{"id":177,"date":"2014-08-12T11:43:14","date_gmt":"2014-08-12T09:43:14","guid":{"rendered":"http:\/\/www.naturheilpraxis-deining.de\/wordpress\/?p=177"},"modified":"2017-11-17T12:48:36","modified_gmt":"2017-11-17T10:48:36","slug":"narbenstoerung","status":"publish","type":"post","link":"https:\/\/www.naturheilpraxis-deining.de\/wordpress\/?p=177","title":{"rendered":"Narbenst\u00f6rung"},"content":{"rendered":"<p><a href=\"http:\/\/www.naturheilpraxis-deining.de\/wordpress\/wp-content\/uploads\/Migraene.jpg\"><img loading=\"lazy\" class=\"alignnone size-full wp-image-178\" src=\"http:\/\/www.naturheilpraxis-deining.de\/wordpress\/wp-content\/uploads\/Migraene.jpg\" alt=\"Migraene\" width=\"800\" height=\"319\" srcset=\"https:\/\/www.naturheilpraxis-deining.de\/wordpress\/wp-content\/uploads\/Migraene.jpg 800w, https:\/\/www.naturheilpraxis-deining.de\/wordpress\/wp-content\/uploads\/Migraene-300x119.jpg 300w\" sizes=\"(max-width: 800px) 100vw, 800px\" \/><\/a><\/p>\n<p>Gertraud S. 45 Jahre kam wegen Migr\u00e4neattacken zu mir in die Praxis. Beim Erstanamnese Gespr\u00e4ch schien es keine Besonderheiten zu geben; weder in der Ern\u00e4hrung &#8211; ausgewogene Mischkost, keine Allergien, keine Unvertr\u00e4glichkeiten, keine Genussmittel, noch im Zyklus bzw. hormonell war etwas das als Ausl\u00f6ser dieser schmerzhaften Prozedur in Betracht gezogen werden konnte. Auch im psychischen Bereich sei alles in bester Ordnung, versicherte mir Frau Gertraud S. Als wir zum Abschluss die Narben die sie durch Verletzungen, Verbrennungen und Operationen hatte ansprachen, sagte sie auch hier es sei alles normal. Ich fragte nach; \u201eJuckt eine oder mehrere Narben, haben sie Empfindungsst\u00f6rungen (Druckempfindlich oder taub), sp\u00fcren sie Wetterumschw\u00fcnge, ist eine der Narben wulstig oder eingezogen? \u201e Ja, ist das nicht normal?\u201c antwortete mir meine Patientin.<\/p>\n<p><!--more-->So fingen wir an die \u00e4lteste Narbe neuraltherapeutisch zu entst\u00f6ren und arbeiteten uns von Termin zu Termin von Narbe zu Narbe weiter.<\/p>\n<p>Als wir bei der vierten Sitzung die Knienarbe (Meniskusoperation) entst\u00f6rt hatten, begann die Narbe zu jucken und so wurde ein paar Tage sp\u00e4ter der Vorgang an dieser Stelle wiederholt. Seit diesem Tag sind die Migr\u00e4neattacken ausgeblieben. Wir haben allerdings auch alle anderen Narben noch entst\u00f6rt und die Knienarbe im Ganzen noch f\u00fcnfmal behandelt. Dies ist jetzt vier Jahre her und Frau Gertraud S. ist immer noch frei von Migr\u00e4ne.<\/p>\n<p>Im Normalfall sind Narben nach einem Jahr gut verheilt und von der Farbe eher Hautfarben. Bei Wundheilungsst\u00f6rungen gibt es sogenannte chronische Wunden, die dann halb vernarbt zum Teil offen und ger\u00f6tet sind, nicht abheilen k\u00f6nnen weil der K\u00f6rper nicht die Kraft dazu hat. Dies kann ein Hinweis auf ein weiteres St\u00f6r Feld sein, welches sich irgendwo am K\u00f6per befindet und die Narbe \u00fcber Fernwirkung unterh\u00e4lt. Jede Erkrankung kann St\u00f6r Feld bedingt sein! Je l\u00e4nger eine Krankheit besteht umso mehr Behandlungen sind n\u00f6tig.<\/p>\n","protected":false},"excerpt":{"rendered":"<p>Gertraud S. 45 Jahre kam wegen Migr\u00e4neattacken zu mir in die Praxis. Beim Erstanamnese Gespr\u00e4ch schien es keine Besonderheiten zu geben; weder in der Ern\u00e4hrung &#8211; ausgewogene Mischkost, keine Allergien, keine Unvertr\u00e4glichkeiten, keine Genussmittel, noch im Zyklus bzw. hormonell war etwas das als Ausl\u00f6ser dieser schmerzhaften Prozedur in Betracht gezogen werden konnte. Auch im psychischen [&hellip;]<\/p>\n","protected":false},"author":1,"featured_media":0,"comment_status":"closed","ping_status":"closed","sticky":false,"template":"","format":"standard","meta":[],"categories":[3],"tags":[100,97,21,101,99,98,102,22,96],"jetpack_featured_media_url":"","_links":{"self":[{"href":"https:\/\/www.naturheilpraxis-deining.de\/wordpress\/index.php?rest_route=\/wp\/v2\/posts\/177"}],"collection":[{"href":"https:\/\/www.naturheilpraxis-deining.de\/wordpress\/index.php?rest_route=\/wp\/v2\/posts"}],"about":[{"href":"https:\/\/www.naturheilpraxis-deining.de\/wordpress\/index.php?rest_route=\/wp\/v2\/types\/post"}],"author":[{"embeddable":true,"href":"https:\/\/www.naturheilpraxis-deining.de\/wordpress\/index.php?rest_route=\/wp\/v2\/users\/1"}],"replies":[{"embeddable":true,"href":"https:\/\/www.naturheilpraxis-deining.de\/wordpress\/index.php?rest_route=%2Fwp%2Fv2%2Fcomments&post=177"}],"version-history":[{"count":2,"href":"https:\/\/www.naturheilpraxis-deining.de\/wordpress\/index.php?rest_route=\/wp\/v2\/posts\/177\/revisions"}],"predecessor-version":[{"id":180,"href":"https:\/\/www.naturheilpraxis-deining.de\/wordpress\/index.php?rest_route=\/wp\/v2\/posts\/177\/revisions\/180"}],"wp:attachment":[{"href":"https:\/\/www.naturheilpraxis-deining.de\/wordpress\/index.php?rest_route=%2Fwp%2Fv2%2Fmedia&parent=177"}],"wp:term":[{"taxonomy":"category","embeddable":true,"href":"https:\/\/www.naturheilpraxis-deining.de\/wordpress\/index.php?rest_route=%2Fwp%2Fv2%2Fcategories&post=177"},{"taxonomy":"post_tag","embeddable":true,"href":"https:\/\/www.naturheilpraxis-deining.de\/wordpress\/index.php?rest_route=%2Fwp%2Fv2%2Ftags&post=177"}],"curies":[{"name":"wp","href":"https:\/\/api.w.org\/{rel}","templated":true}]}}