{"id":102,"date":"2014-05-05T13:59:43","date_gmt":"2014-05-05T11:59:43","guid":{"rendered":"http:\/\/www.naturheilpraxis-deining.de\/wordpress\/?p=102"},"modified":"2017-11-17T13:30:48","modified_gmt":"2017-11-17T11:30:48","slug":"wechseljahresbeschwerden","status":"publish","type":"post","link":"https:\/\/www.naturheilpraxis-deining.de\/wordpress\/?p=102","title":{"rendered":"Beschwerde Wechseljahre"},"content":{"rendered":"<p><a href=\"http:\/\/www.naturheilpraxis-deining.de\/wordpress\/wp-content\/uploads\/Wechseljahre.png\"><img loading=\"lazy\" class=\"alignnone size-full wp-image-125\" src=\"http:\/\/www.naturheilpraxis-deining.de\/wordpress\/wp-content\/uploads\/Wechseljahre.png\" alt=\"Wechseljahre\" width=\"800\" height=\"319\" srcset=\"https:\/\/www.naturheilpraxis-deining.de\/wordpress\/wp-content\/uploads\/Wechseljahre.png 800w, https:\/\/www.naturheilpraxis-deining.de\/wordpress\/wp-content\/uploads\/Wechseljahre-300x119.png 300w\" sizes=\"(max-width: 800px) 100vw, 800px\" \/><\/a><\/p>\n<p>Eine Frau im Alter von 45 Jahren klagt \u00fcber Hitzewallungen, n\u00e4chtliches Schwitzen und \u00c4ngste. Um eine sofortige Linderung zu erziehlen, behandle ich die Patientin mit Akupunktur und Phytotherapeutika. <!--more-->Um die gesamte Umstellung in die Menopause zu erleichtern f\u00fchrte ich einen Clustertest mit Vortest durch. Mit der Laborauswertung gelingt es gezielt den Patienten in seiner Gesamtheit zu behandeln.<\/p>\n<p>In diesem Fall wurde Speichel ins Labor geschickt; Speichel steht k\u00f6rperlich gesehen f\u00fcr alle Organe vom Mund bis zum oberen Verdauungstrakt, psychisch gesehen f\u00fcr Sprache und Ausdruck, \u201ewie dr\u00fcck ich mich aus; trau ich mir meine Bed\u00fcrfnisse und W\u00fcnsche auch aussprechen? Wie steh ich zu mir?&#8220;<\/p>\n<p>Nach und nach erkennt man sich neu und ohne Scheu. Wagt das Neue und \u00fcberbr\u00fcckt die Leere, die einem vorher jeglichen Mut nimmt, einen blockiert. Schritt f\u00fcr Schritt im eigenen Tempo. Die Pers\u00f6nliche Flasche wird nach der Auswertung der Patientin von der Apotheke zugeschickt.<\/p>\n","protected":false},"excerpt":{"rendered":"<p>Eine Frau im Alter von 45 Jahren klagt \u00fcber Hitzewallungen, n\u00e4chtliches Schwitzen und \u00c4ngste. Um eine sofortige Linderung zu erziehlen, behandle ich die Patientin mit Akupunktur und Phytotherapeutika.<\/p>\n","protected":false},"author":1,"featured_media":125,"comment_status":"closed","ping_status":"open","sticky":false,"template":"","format":"standard","meta":[],"categories":[9],"tags":[136,137,133,134,135,138,50],"jetpack_featured_media_url":"https:\/\/www.naturheilpraxis-deining.de\/wordpress\/wp-content\/uploads\/Wechseljahre.png","_links":{"self":[{"href":"https:\/\/www.naturheilpraxis-deining.de\/wordpress\/index.php?rest_route=\/wp\/v2\/posts\/102"}],"collection":[{"href":"https:\/\/www.naturheilpraxis-deining.de\/wordpress\/index.php?rest_route=\/wp\/v2\/posts"}],"about":[{"href":"https:\/\/www.naturheilpraxis-deining.de\/wordpress\/index.php?rest_route=\/wp\/v2\/types\/post"}],"author":[{"embeddable":true,"href":"https:\/\/www.naturheilpraxis-deining.de\/wordpress\/index.php?rest_route=\/wp\/v2\/users\/1"}],"replies":[{"embeddable":true,"href":"https:\/\/www.naturheilpraxis-deining.de\/wordpress\/index.php?rest_route=%2Fwp%2Fv2%2Fcomments&post=102"}],"version-history":[{"count":4,"href":"https:\/\/www.naturheilpraxis-deining.de\/wordpress\/index.php?rest_route=\/wp\/v2\/posts\/102\/revisions"}],"predecessor-version":[{"id":128,"href":"https:\/\/www.naturheilpraxis-deining.de\/wordpress\/index.php?rest_route=\/wp\/v2\/posts\/102\/revisions\/128"}],"wp:featuredmedia":[{"embeddable":true,"href":"https:\/\/www.naturheilpraxis-deining.de\/wordpress\/index.php?rest_route=\/wp\/v2\/media\/125"}],"wp:attachment":[{"href":"https:\/\/www.naturheilpraxis-deining.de\/wordpress\/index.php?rest_route=%2Fwp%2Fv2%2Fmedia&parent=102"}],"wp:term":[{"taxonomy":"category","embeddable":true,"href":"https:\/\/www.naturheilpraxis-deining.de\/wordpress\/index.php?rest_route=%2Fwp%2Fv2%2Fcategories&post=102"},{"taxonomy":"post_tag","embeddable":true,"href":"https:\/\/www.naturheilpraxis-deining.de\/wordpress\/index.php?rest_route=%2Fwp%2Fv2%2Ftags&post=102"}],"curies":[{"name":"wp","href":"https:\/\/api.w.org\/{rel}","templated":true}]}}